{"id":275,"date":"2012-06-29T09:06:05","date_gmt":"2012-06-29T09:06:05","guid":{"rendered":"http:\/\/etna.prof24.pl\/?p=275"},"modified":"2012-06-29T09:06:05","modified_gmt":"2012-06-29T09:06:05","slug":"wieliczka-powitaa-zwycizcow-pofinau-euro-2012","status":"publish","type":"post","link":"http:\/\/wieliczanie.pl\/?p=275","title":{"rendered":"Wieliczka powita\u0142a zwyci\u0119zc\u00f3w p\u00f3\u0142fina\u0142u Euro 2012!"},"content":{"rendered":"<p><p class=\"MsoNormal\"><strong><img decoding=\"async\" loading=\"lazy\" src=\"https:\/\/lh3.googleusercontent.com\/-5NirqSvdq0Q\/T-1xX3rG4pI\/AAAAAAAANsQ\/JNNm4Ih18lU\/s144\/IMG_1635.JPG\" border=\"0\" alt=\"ft\" width=\"144\" height=\"96\" style=\"float: right;\" \/>Wieliczka powita\u0142a  zwyci\u0119zc\u00f3w p\u00f3\u0142fina\u0142u Euro 2012!<br \/><\/strong><\/p>\n<p class=\"MsoNormal\"><strong> <\/strong>Dzi\u015b  (29.06), <strong>oko\u0142o drugiej w nocy<\/strong>, pi\u0142karska Reprezentacja W\u0142och powr\u00f3ci\u0142a do  swojej bazy pobytowej- hotelu  \u201eTur\u00f3wka\u201d  w Wieliczce. We wczorajszym meczu p\u00f3\u0142fina\u0142owym W\u0142osi zmia\u017cd\u017cyli niemieck\u0105  dru\u017cyn\u0119- Mario Balotelli brawurowo zdoby\u0142 dwie bramki dla \u201eSquadra Azzurra\u201d w 20  i 36 minucie. Podopieczni Joachima Loewa nie byli w stanie zatrzyma\u0107 w\u0142oskiego  ataku, ale uda\u0142o im si\u0119 zdoby\u0107 honorow\u0105 bramk\u0119 z rzutu karnego. Mecz zako\u0144czy\u0142  si\u0119 wynikiem <strong>2:1<\/strong> i zaowocowa\u0142 <strong>pierwszym od 44 lat awansem W\u0142och\u00f3w do  fina\u0142\u00f3w Mistrzostw Europy.<\/strong><\/p>\n<p class=\"MsoNormal\">Mieszka\u0144cy Wieliczki, nie zwa\u017caj\u0105c na p\u00f3\u017an\u0105 godzin\u0119,  jednog\u0142o\u015bnie postanowili powita\u0107 triumfator\u00f3w meczu. Wieliczanie powitali  W\u0142och\u00f3w, tak, jak na zwyci\u0119zc\u00f3w przysta\u0142o: rozstawionymi wzd\u0142u\u017c ulicy  pochodniami i werblami, na kt\u00f3rych <strong>orkiestra d\u0119ta \u201ePodstolice\u201d<\/strong> gra\u0142a  najpopularniejsze w\u0142oskie melodie.  <!--more-->  <\/p>\n<\/p>\n<p>Po dotarciu na miejsce, sztab  W\u0142oskiej Reprezentacji na czele z trenerem, Cesare Prandellim wyrusz\u0142 w  pielgrzymk\u0119 do Sanktuarium Naj\u015bwi\u0119tszej Rodziny w Krakowie.<\/p>\n<p><img decoding=\"async\" loading=\"lazy\" src=\"https:\/\/lh3.googleusercontent.com\/-5NirqSvdq0Q\/T-1xX3rG4pI\/AAAAAAAANsQ\/JNNm4Ih18lU\/s800\/IMG_1635.JPG\" border=\"0\" alt=\"ft\" width=\"800\" height=\"534\" \/><\/p>\n<p><img decoding=\"async\" loading=\"lazy\" src=\"https:\/\/lh4.googleusercontent.com\/-b71nOZFHKGU\/T-1xYlWoGsI\/AAAAAAAANsU\/IoN23ocLFGw\/s800\/IMG_1647.JPG\" border=\"0\" alt=\"ft\" width=\"800\" height=\"534\" \/><\/p>\n<p><img decoding=\"async\" loading=\"lazy\" src=\"https:\/\/lh6.googleusercontent.com\/-2_R6Ir7bAlw\/T-1xZEg46eI\/AAAAAAAANsc\/_Z_g-V_MnN4\/s800\/IMG_1651.JPG\" border=\"0\" alt=\"ft\" width=\"800\" height=\"534\" \/><\/p>\n<p><img decoding=\"async\" loading=\"lazy\" src=\"https:\/\/lh5.googleusercontent.com\/-pyYCyzJ68aA\/T-1xZ0VcxhI\/AAAAAAAANsk\/UbVhwz5fhkI\/s800\/IMG_1656.JPG\" border=\"0\" alt=\"ft\" width=\"800\" height=\"534\" \/><\/p>\n<p>\u00a0<\/p>\n<p>\u00a0<\/p>\n","protected":false},"excerpt":{"rendered":"<p>Wieliczka powita\u0142a zwyci\u0119zc\u00f3w p\u00f3\u0142fina\u0142u Euro 2012! Dzi\u015b (29.06), oko\u0142o drugiej w nocy, pi\u0142karska Reprezentacja W\u0142och powr\u00f3ci\u0142a do swojej bazy pobytowej- hotelu \u201eTur\u00f3wka\u201d w Wieliczce. We wczorajszym meczu p\u00f3\u0142fina\u0142owym W\u0142osi zmia\u017cd\u017cyli niemieck\u0105 dru\u017cyn\u0119- Mario Balotelli brawurowo zdoby\u0142 dwie bramki dla \u201eSquadra Azzurra\u201d w 20 i 36 minucie. Podopieczni Joachima Loewa nie byli w stanie zatrzyma\u0107 w\u0142oskiego &#8230; <a title=\"Wieliczka powita\u0142a zwyci\u0119zc\u00f3w p\u00f3\u0142fina\u0142u Euro 2012!\" class=\"read-more\" href=\"http:\/\/wieliczanie.pl\/?p=275\" aria-label=\"Wi\u0119cej na Wieliczka powita\u0142a zwyci\u0119zc\u00f3w p\u00f3\u0142fina\u0142u Euro 2012!\">Dowiedz si\u0119 wi\u0119cej<\/a><\/p>\n","protected":false},"author":1,"featured_media":0,"comment_status":"open","ping_status":"open","sticky":false,"template":"","format":"standard","meta":{"footnotes":""},"categories":[31],"tags":[],"_links":{"self":[{"href":"http:\/\/wieliczanie.pl\/index.php?rest_route=\/wp\/v2\/posts\/275"}],"collection":[{"href":"http:\/\/wieliczanie.pl\/index.php?rest_route=\/wp\/v2\/posts"}],"about":[{"href":"http:\/\/wieliczanie.pl\/index.php?rest_route=\/wp\/v2\/types\/post"}],"author":[{"embeddable":true,"href":"http:\/\/wieliczanie.pl\/index.php?rest_route=\/wp\/v2\/users\/1"}],"replies":[{"embeddable":true,"href":"http:\/\/wieliczanie.pl\/index.php?rest_route=%2Fwp%2Fv2%2Fcomments&post=275"}],"version-history":[{"count":0,"href":"http:\/\/wieliczanie.pl\/index.php?rest_route=\/wp\/v2\/posts\/275\/revisions"}],"wp:attachment":[{"href":"http:\/\/wieliczanie.pl\/index.php?rest_route=%2Fwp%2Fv2%2Fmedia&parent=275"}],"wp:term":[{"taxonomy":"category","embeddable":true,"href":"http:\/\/wieliczanie.pl\/index.php?rest_route=%2Fwp%2Fv2%2Fcategories&post=275"},{"taxonomy":"post_tag","embeddable":true,"href":"http:\/\/wieliczanie.pl\/index.php?rest_route=%2Fwp%2Fv2%2Ftags&post=275"}],"curies":[{"name":"wp","href":"https:\/\/api.w.org\/{rel}","templated":true}]}}