{"id":44,"date":"2010-05-12T21:00:51","date_gmt":"2010-05-12T21:00:51","guid":{"rendered":"http:\/\/etna.prof24.pl\/?p=44"},"modified":"2010-05-12T21:00:51","modified_gmt":"2010-05-12T21:00:51","slug":"burmistrz-walczy-o-odrolnienie-gruntow","status":"publish","type":"post","link":"http:\/\/wieliczanie.pl\/?p=44","title":{"rendered":"Burmistrz walczy o odrolnienie grunt\u00f3w"},"content":{"rendered":"<div>\n<h2>Protest do Premiera wys\u0142any<\/h2>\n<\/p><\/div>\n<div>\n<p>W dniu 11 maja br burmistrz Wieliczki Artur Kozio\u0142 podpisa\u0142 pismo skierowane do Prezesa Rady Ministr\u00f3w Donalda Tuska, wraz z za\u0142\u0105cznikiem, kt\u00f3ry stanowi <em>Protest przeciwko odmownej decyzji Ministra Rolnictwa dotycz\u0105cej wniosku burmistrza Wieliczki o odrolnienie grunt\u00f3w zgodnie z projektem nowego miejscowego planu zagospodarowania przestrzennego<\/em>. Pod protestem swoje podpisy z\u0142o\u017cy\u0142o 3254 mieszka\u0144c\u00f3w z 29 so\u0142ectw Gminy Wieliczka. Przygotowaniem\u00a0 dokumentacji zwi\u0105zanej z protestem zajmowa\u0142 si\u0119 zast\u0119pca burmistrza Henryk Gawor.<\/p>\n<p> <strong>  <!--more-->  <\/p>\n<p>\u00a0<\/p>\n<p> <\/strong><\/div>\n<div style=\"text-align: justify;\"><span style=\"font-family: Times New Roman;\"><span style=\"font-size: medium;\">Zwracaj\u0105c si\u0119 do Premiera\u00a0 z pro\u015bb\u0105 o interwencj\u0119\u00a0 u\u00a0 Ministra Rolnictwa i Rozwoju Wsi w tej trudnej dla mieszka\u0144c\u00f3w i hamuj\u0105cej rozw\u00f3j Gminy sytuacji, burmistrz wyja\u015bnia: <em>\u201eMiasto i Gmina Wieliczka uchwali\u0142o studium zagospodarowania przestrzennego i jest w trakcie zmiany miejscowego planu zagospodarowania przestrzennego. Projekt tego dokumentu zosta\u0142 pozytywnie uzgodniony z wszystkimi instytucjami wymienionymi\u00a0 w procesie procedowania. Jedyn\u0105 opini\u0119 negatywn\u0105, nie zezwalaj\u0105c\u0105 na przeznaczenie na cele nierolnicze grunt\u00f3w po\u0142o\u017conych w 29 so\u0142ectwach, otrzymali\u015bmy od\u00a0 Ministra Rolnictwa i Rozwoju Wsi. Wielomiesi\u0119czne nasze starania i pr\u00f3by uzgodnienia tego dokumentu z\u00a0 Ministrem Rolnictwa i Rozwoju Wsi nie przynios\u0142y \u017cadnych pozytywnych rezultat\u00f3w. Miasto i Gmina Wieliczka skierowa\u0142o skarg\u0119 do Wojew\u00f3dzkiego S\u0105du Administracyjnego w Warszawie. W minionym miesi\u0105cu, na korzy\u015b\u0107 Gminy Wieliczka, zosta\u0142y rozstrzygni\u0119te wszystkie trzy wyroki s\u0105dowe i sprawa zwi\u0105zana z odrolnieniem zosta\u0142a skierowana do ponownego rozstrzygni\u0119cia\u00a0 w\u00a0 Ministerstwie Rolnictwa i Rozwoju Wsi.\u201d <\/em> Kopia pisma adresowanego do Premiera RP wraz z za\u0142aczonym Protestem zosta\u0142a tak\u017ce wys\u0142ana do Sejmowej Komisji\u00a0 Infrastruktury, w ramach kt\u00f3rej pracuje m.in. Podkomisja nadzwyczajna do rozpatrzenia komisyjnego projektu ustawy o zmianie ustawy o gospodarce nieruchomo\u015bciami oraz o zmianie ustawy o planowaniu i zagospodarowaniu przestrzennym.<\/span><\/span><\/div>\n<div style=\"text-align: justify;\"><span style=\"font-family: Times New Roman;\"><span style=\"font-size: medium;\">\u017ar\u00f3d\u0142o: http:\/\/www.wieliczka.eu\/pl\/1951\/27109\/Protest_do_Premiera_wyslany.html<\/span><\/span><\/div>\n<div style=\"text-align: justify;\">{mos_fb_discuss:8}<\/div>\n","protected":false},"excerpt":{"rendered":"<p>Protest do Premiera wys\u0142any W dniu 11 maja br burmistrz Wieliczki Artur Kozio\u0142 podpisa\u0142 pismo skierowane do Prezesa Rady Ministr\u00f3w Donalda Tuska, wraz z za\u0142\u0105cznikiem, kt\u00f3ry stanowi Protest przeciwko odmownej decyzji Ministra Rolnictwa dotycz\u0105cej wniosku burmistrza Wieliczki o odrolnienie grunt\u00f3w zgodnie z projektem nowego miejscowego planu zagospodarowania przestrzennego. Pod protestem swoje podpisy z\u0142o\u017cy\u0142o 3254 mieszka\u0144c\u00f3w &#8230; <a title=\"Burmistrz walczy o odrolnienie grunt\u00f3w\" class=\"read-more\" href=\"http:\/\/wieliczanie.pl\/?p=44\" aria-label=\"Wi\u0119cej na Burmistrz walczy o odrolnienie grunt\u00f3w\">Dowiedz si\u0119 wi\u0119cej<\/a><\/p>\n","protected":false},"author":1,"featured_media":0,"comment_status":"open","ping_status":"open","sticky":false,"template":"","format":"standard","meta":{"footnotes":""},"categories":[29],"tags":[],"_links":{"self":[{"href":"http:\/\/wieliczanie.pl\/index.php?rest_route=\/wp\/v2\/posts\/44"}],"collection":[{"href":"http:\/\/wieliczanie.pl\/index.php?rest_route=\/wp\/v2\/posts"}],"about":[{"href":"http:\/\/wieliczanie.pl\/index.php?rest_route=\/wp\/v2\/types\/post"}],"author":[{"embeddable":true,"href":"http:\/\/wieliczanie.pl\/index.php?rest_route=\/wp\/v2\/users\/1"}],"replies":[{"embeddable":true,"href":"http:\/\/wieliczanie.pl\/index.php?rest_route=%2Fwp%2Fv2%2Fcomments&post=44"}],"version-history":[{"count":0,"href":"http:\/\/wieliczanie.pl\/index.php?rest_route=\/wp\/v2\/posts\/44\/revisions"}],"wp:attachment":[{"href":"http:\/\/wieliczanie.pl\/index.php?rest_route=%2Fwp%2Fv2%2Fmedia&parent=44"}],"wp:term":[{"taxonomy":"category","embeddable":true,"href":"http:\/\/wieliczanie.pl\/index.php?rest_route=%2Fwp%2Fv2%2Fcategories&post=44"},{"taxonomy":"post_tag","embeddable":true,"href":"http:\/\/wieliczanie.pl\/index.php?rest_route=%2Fwp%2Fv2%2Ftags&post=44"}],"curies":[{"name":"wp","href":"https:\/\/api.w.org\/{rel}","templated":true}]}}