{"id":446,"date":"2018-12-06T19:12:35","date_gmt":"2018-12-06T19:12:35","guid":{"rendered":"http:\/\/wieliczanie.pl\/?p=446"},"modified":"2018-12-06T19:23:25","modified_gmt":"2018-12-06T19:23:25","slug":"otwarte-ronda-jest-kiepsko","status":"publish","type":"post","link":"http:\/\/wieliczanie.pl\/?p=446","title":{"rendered":"Otwarte ronda. Jest kiepsko&#8230;"},"content":{"rendered":"<figure id=\"attachment_450\" aria-describedby=\"caption-attachment-450\" style=\"width: 290px\" class=\"wp-caption alignleft\"><a href=\"http:\/\/wieliczanie.pl\/wp-content\/uploads\/2018\/12\/IMG_0196.jpg\"><img decoding=\"async\" loading=\"lazy\" class=\"wp-image-450 size-medium\" src=\"http:\/\/wieliczanie.pl\/wp-content\/uploads\/2018\/12\/IMG_0196-300x225.jpg\" alt=\"\" width=\"300\" height=\"225\" srcset=\"http:\/\/wieliczanie.pl\/wp-content\/uploads\/2018\/12\/IMG_0196-300x225.jpg 300w, http:\/\/wieliczanie.pl\/wp-content\/uploads\/2018\/12\/IMG_0196-768x576.jpg 768w, http:\/\/wieliczanie.pl\/wp-content\/uploads\/2018\/12\/IMG_0196-1024x768.jpg 1024w\" sizes=\"(max-width: 300px) 100vw, 300px\" \/><\/a><figcaption id=\"caption-attachment-450\" class=\"wp-caption-text\">Autobus blokuje przejazd od Krakowa<\/figcaption><\/figure>\n<p>Niestety zgodnie z przewidywaniami pesymist\u00f3w, nowo wybudowanych uk\u0142ad drogowy pogorszy\u0142 mo\u017cliwo\u015b\u0107 przejazdu przez Wieliczk\u0119 w godzinach szczytu.<\/p>\n<p>Po dw\u00f3ch dniach mo\u017cna zauwa\u017cy\u0107, \u017ce ci\u0105g ulic Pi\u0142sudskiego, Narutowicza, Krakowska w porze porannego szczytu straci\u0142 zupe\u0142nie pierwotne pierwsze\u0144stwo, a na ka\u017cdym rondzie pojazdy jad\u0105ce tym ci\u0105giem musz\u0105 ust\u0105pi\u0107 pierwsze\u0144stwa przejazdu pojazdom jad\u0105cym z innych kierunk\u00f3w.\u00a0Jad\u0105c od strony cmentarza, pomimo ma\u0142ego jeszcze ruchu spotykamy ju\u017c na pierwszym rondzie problem z wjazdem. Ci\u0105g aut jad\u0105cych od strony miasta ma pierwsze\u0144stwo, pozostaje wi\u0119c liczy\u0107 tylko na uprzejmo\u015b\u0107 jad\u0105cych od strony ulicy Dembowskiego. Ci\u0105g dalszy nie wygl\u0105da lepiej. Dzisiaj wydawa\u0142o si\u0119, \u017ce korek jest kr\u00f3tki, gdy\u017c zaczyna\u0142 si\u0119 w\u0142a\u015bnie przy pierwszym rondzie.\u00a0 Jazda od strony ulicy Krakowskiej jest bardzo mozolna &#8211; przejazd 200 metr\u00f3w do drugiego ronda trwa\u0142 10 minut, poniewa\u017c auta jad\u0105ce od strony Krzyszkowic maj\u0105 pierwsze\u0144stwo na rondzie.<\/p>\n<p><a href=\"https:\/\/web.facebook.com\/groups\/wieliczaniepl\/\" target=\"_blank\" rel=\"noopener\">Do\u0142\u0105cz do grupy dyskusyjnej wieliczka i wieliczanie na facebook<\/a><\/p>\n<p>Co wi\u0119cej nowy uk\u0142ad drogowy utrudnia p\u0142ynn\u0105 jazd\u0119 od strony Krakowa, rondo cz\u0119sto jest zablokowane tak jak to wida\u0107 na zdj\u0119ciu gdy autobus blokuje mo\u017cliwo\u015b\u0107 przejazdu z Krakowa do Wieliczki . R\u00f3wnie\u017c likwidacja lewego pasa spowodowa\u0142a \u017ce osoby czekaj\u0105ce do skr\u0119tu <!--more--><\/p>\n<figure id=\"attachment_449\" aria-describedby=\"caption-attachment-449\" style=\"width: 290px\" class=\"wp-caption alignleft\"><a href=\"http:\/\/wieliczanie.pl\/wp-content\/uploads\/2018\/12\/IMG_0195.jpg\"><img decoding=\"async\" loading=\"lazy\" class=\"wp-image-449 size-medium\" src=\"http:\/\/wieliczanie.pl\/wp-content\/uploads\/2018\/12\/IMG_0195-300x225.jpg\" alt=\"wieliczka rondo\" width=\"300\" height=\"225\" srcset=\"http:\/\/wieliczanie.pl\/wp-content\/uploads\/2018\/12\/IMG_0195-300x225.jpg 300w, http:\/\/wieliczanie.pl\/wp-content\/uploads\/2018\/12\/IMG_0195-768x576.jpg 768w, http:\/\/wieliczanie.pl\/wp-content\/uploads\/2018\/12\/IMG_0195-1024x768.jpg 1024w\" sizes=\"(max-width: 300px) 100vw, 300px\" \/><\/a><figcaption id=\"caption-attachment-449\" class=\"wp-caption-text\">wieliczka rondo<\/figcaption><\/figure>\n<p>w lewo w Ko\u015bciuszki\u00a0 musz\u0105 poczeka\u0107 a\u017c dopchaj\u0105 si\u0119 do ronda &#8211;\u00a0 czyli na odpowiedni\u0105 ilo\u015b\u0107 zielonej \u015bwiate\u0142 w kierunku Krakowa.<\/p>\n<p>Mo\u017cna te\u017c przypuszcza\u0107, \u017ce czas przejazdu na Narutowicza &#8211; Krakowskiej si\u0119 jeszcze wyd\u0142u\u017cy, gdy wi\u0119cej os\u00f3b zauwa\u017cy, \u017ce remont jest zako\u0144czony. Jazda MPK, kt\u00f3re od jutra wraca na stare trasy, b\u0119dzie koszmarem.<\/p>\n<p>Szkoda \u017ce projektant nie wykaza\u0142 si\u0119 i nie wykorzysta\u0142 szansy na wi\u0119ksze udro\u017cnienie tej ulicy. Przy szeroko\u015bci\u00a0 ulicy Krakowskiej, gdzie by\u0142a do dyspozycji du\u017ca\u00a0 szeroko\u015b\u0107 i mie\u015bci\u0142y si\u0119 trzy pasy, mo\u017cna by\u0142o spr\u00f3bowa\u0107 wykorzysta\u0107 to i\u00a0 na przyk\u0142ad na odcinku mi\u0119dzy rondami wydzieli\u0107 buspas kt\u00f3ry umo\u017cliwia\u0142by szybki przejazdu autobusu przez kluczowy odcinek.<\/p>\n<p>Chyba jedyny plus to wi\u0119ksza \u0142atwo\u015b\u0107 pokonania skrzy\u017cowania dla niedzielnych kierowc\u00f3w, kt\u00f3rych szczeg\u00f3lnie wyjazd od strony ulicy Ko\u015bciuszki m\u00f3g\u0142 przera\u017ca\u0107.<\/p>\n<p>Podsumowuj\u0105c mia\u0142o by\u0107 lepiej, b\u0119dzie gorzej. Dla maj\u0105cych nadziej\u0119 w estakadzie &#8211; niestety nawet gdyby si\u0119 uda\u0142o zdoby\u0107 zgod\u0119 (finansowanie) na t\u0119 inwestycj\u0119, nie ma si\u0119 co \u0142udzi\u0107, \u017ce projekt plus realizacja potrwa mniej ni\u017c jakie\u015b cztery lata&#8230;<\/p>\n","protected":false},"excerpt":{"rendered":"<p>Niestety zgodnie z przewidywaniami pesymist\u00f3w, nowo wybudowanych uk\u0142ad drogowy pogorszy\u0142 mo\u017cliwo\u015b\u0107 przejazdu przez Wieliczk\u0119 w godzinach szczytu. Po dw\u00f3ch dniach mo\u017cna zauwa\u017cy\u0107, \u017ce ci\u0105g ulic Pi\u0142sudskiego, Narutowicza, Krakowska w porze porannego szczytu straci\u0142 zupe\u0142nie pierwotne pierwsze\u0144stwo, a na ka\u017cdym rondzie pojazdy jad\u0105ce tym ci\u0105giem musz\u0105 ust\u0105pi\u0107 pierwsze\u0144stwa przejazdu pojazdom jad\u0105cym z innych kierunk\u00f3w.\u00a0Jad\u0105c od strony &#8230; <a title=\"Otwarte ronda. Jest kiepsko&#8230;\" class=\"read-more\" href=\"http:\/\/wieliczanie.pl\/?p=446\" aria-label=\"Wi\u0119cej na Otwarte ronda. Jest kiepsko&#8230;\">Dowiedz si\u0119 wi\u0119cej<\/a><\/p>\n","protected":false},"author":2,"featured_media":0,"comment_status":"open","ping_status":"open","sticky":false,"template":"","format":"standard","meta":{"footnotes":""},"categories":[30],"tags":[58,56,57],"_links":{"self":[{"href":"http:\/\/wieliczanie.pl\/index.php?rest_route=\/wp\/v2\/posts\/446"}],"collection":[{"href":"http:\/\/wieliczanie.pl\/index.php?rest_route=\/wp\/v2\/posts"}],"about":[{"href":"http:\/\/wieliczanie.pl\/index.php?rest_route=\/wp\/v2\/types\/post"}],"author":[{"embeddable":true,"href":"http:\/\/wieliczanie.pl\/index.php?rest_route=\/wp\/v2\/users\/2"}],"replies":[{"embeddable":true,"href":"http:\/\/wieliczanie.pl\/index.php?rest_route=%2Fwp%2Fv2%2Fcomments&post=446"}],"version-history":[{"count":5,"href":"http:\/\/wieliczanie.pl\/index.php?rest_route=\/wp\/v2\/posts\/446\/revisions"}],"predecessor-version":[{"id":453,"href":"http:\/\/wieliczanie.pl\/index.php?rest_route=\/wp\/v2\/posts\/446\/revisions\/453"}],"wp:attachment":[{"href":"http:\/\/wieliczanie.pl\/index.php?rest_route=%2Fwp%2Fv2%2Fmedia&parent=446"}],"wp:term":[{"taxonomy":"category","embeddable":true,"href":"http:\/\/wieliczanie.pl\/index.php?rest_route=%2Fwp%2Fv2%2Fcategories&post=446"},{"taxonomy":"post_tag","embeddable":true,"href":"http:\/\/wieliczanie.pl\/index.php?rest_route=%2Fwp%2Fv2%2Ftags&post=446"}],"curies":[{"name":"wp","href":"https:\/\/api.w.org\/{rel}","templated":true}]}}