{"id":48,"date":"2010-05-15T17:07:28","date_gmt":"2010-05-15T17:07:28","guid":{"rendered":"http:\/\/etna.prof24.pl\/?p=48"},"modified":"2010-05-15T17:07:28","modified_gmt":"2010-05-15T17:07:28","slug":"wilson-cieknie-zagroenia-w-kopalni-w-wieliczce-nie-ma","status":"publish","type":"post","link":"http:\/\/wieliczanie.pl\/?p=48","title":{"rendered":"Wilson cieknie. Zagro\u017cenia w kopalni w Wieliczce nie ma?"},"content":{"rendered":"<p><strong>W jednym z szyb\u00f3w kopalni Wieliczka znacznie zwi\u0119kszy\u0142 si\u0119 wyciek wody. Zdaniem grupy naukowc\u00f3w z AGH to kolejny dow\u00f3d na fatalny stan kopalni. Okr\u0119gowy Urz\u0105d G\u00f3rniczy i w\u0142adze kopalni uspokajaj\u0105: &#8211; To prawdopodobnie wina ostatnich deszcz.<\/strong><\/p>\n<p>  <!--more-->  <\/p>\n<p>Grupa naukowc\u00f3w zwi\u0105zanych z Akademi\u0105 G\u00f3rniczo-Hutnicz\u0105 zwraca uwag\u0119 na niedobr\u0105 &#8211; ich zdaniem &#8211; sytuacj\u0119 w kopalni soli w Wieliczce: w szybie wentylacyjnym &#8222;Wilson&#8221; dosz\u0142o do wycieku wody. &#8211; Nie potrafi\u0119 powiedzie\u0107 o jego przyczynach. Jednak dosz\u0142y mnie informacje, \u017ce w czasie prac renowacyjnych trafiono na tzw. kurzawk\u0119 [przestrze\u0144 w gruncie wype\u0142niona piaskiem przemieszanym z wod\u0105 &#8211; przyp. red.] i nast\u0105pi\u0142 wyciek wody &#8211; zwraca uwag\u0119 dr Antoni \u0141opata z Akademii G\u00f3rniczo-Hutniczej. &#8211; Mo\u017ce to nic istotnego&#8230; Moim zdaniem jednak wskazuje, \u017ce w Wieliczce wci\u0105\u017c brakuje odpowiednich zabezpiecze\u0144.<\/p>\n<p>Okr\u0119gowy Urz\u0105d G\u00f3rniczy, kt\u00f3ry decyduje m.in. o sprawach bezpiecze\u0144stwa w kopalniach, podaje, \u017ce nie ma \u017cadnych informacji o pracach w szybie. &#8211; Wiemy o wycieku, jednak na pierwszy rzut oka to nic powa\u017cnego. B\u0119dziemy jednak bada\u0107 jego przyczyny. Wolimy dmucha\u0107 na zimne &#8211; wyja\u015bnia Wojciech Jeziorowski, szef OUG w Krakowie. &#8211; Szyb jest do\u015b\u0107 p\u0142ytki, wi\u0119c mo\u017ce to by\u0107 uj\u015bcie deszcz\u00f3wki.<\/p>\n<p>Uspokaja r\u00f3wnie\u017c Kajetan d&#8217;Obyrn, dyrektor kopalni. &#8211; To jeden ze 136 wyciek\u00f3w w kopalni, kt\u00f3re mamy pod kontrol\u0105. Znajduje si\u0119 w szybie ok. 10 m pod powierzchni\u0105. W ci\u0105gu ostatnich dni woda zwi\u0119kszy\u0142a tam nap\u00f3r. Z normalnych 6 litr\u00f3w na minut\u0119 zrobi\u0142o si\u0119 12. Nie m\u00f3wi\u0142bym jednak o zagro\u017ceniu. B\u0119dziemy to sprawdza\u0107, ale na razie jeste\u015bmy przekonani, \u017ce to efekt ostatnich silnych opad\u00f3w &#8211; m\u00f3wi dyrektor d&#8217;Obyrn.<\/p>\n<p>Naukowcy zaniepokojeni stanem kopalni w Wieliczce uwa\u017caj\u0105, \u017ce nawet tak drobnym wyciekom nale\u017cy si\u0119 uwa\u017cnie przygl\u0105da\u0107. S\u0105 przekonani, \u017ce ignorowanie takich zdarze\u0144 mo\u017ce doprowadzi\u0107 do zawa\u0142\u00f3w chodnik\u00f3w, kt\u00f3rych efekty b\u0119d\u0105 widoczne na powierzchni.<\/p>\n<p>To kolejna ods\u0142ona sporu o stan wielickiej kopalni, kt\u00f3ry trwa w \u015bwiecie naukowym od wrze\u015bnia 2008 r. Rozpocz\u0105\u0142 si\u0119 od k\u0142\u00f3tni o s\u0142uszno\u015b\u0107 decyzji w\u0142adz kopalni, kt\u00f3re postanowi\u0142y wtedy ca\u0142kowicie zamkn\u0105\u0107 zawory na tamie w podziemnym chodniku Mina.<\/p>\n<p>Tama powsta\u0142a po katastrofie w 1992 roku. Uda\u0142o si\u0119 wtedy niemal w ostatnim momencie unikn\u0105\u0107 zawalenia chodnika (w wyniku niekontrolowanego wycieku woda zala\u0142a chodnik i podmy\u0142a jego \u015bciany).<\/p>\n<p>Od tamtej pory kopalnia nadzorowa\u0142a tam\u0119 i dba\u0142a, by panowa\u0107 nad upuszczaniem wody z chodnika przez zawory w zaporze. Dwa lata temu w\u0142adze kopalni zdecydowa\u0142y jednak, \u017ce bezpieczniej b\u0119dzie, je\u015bli zawory zostan\u0105 ca\u0142kowicie zamkni\u0119te. Decyzja kopalni zosta\u0142a poparta ekspertyz\u0105 specjalist\u00f3w z AGH, ale cz\u0119\u015b\u0107 naukowc\u00f3w zacz\u0119\u0142a bi\u0107 na alarm, \u017ce zamkni\u0119cie tamy mo\u017ce doprowadzi\u0107 do katastrofy.<\/p>\n<p>Aby ostatecznie rozstrzygn\u0105\u0107 sp\u00f3r, prezes Wy\u017cszego Urz\u0119du G\u00f3rniczego, nadzoruj\u0105cego wszystkie kopalnie w Polsce, powo\u0142a\u0142 specjaln\u0105 komisj\u0119, kt\u00f3ra zako\u0144czy\u0142a prace we wrze\u015bniu 2009 r. &#8211; Komisja wyda\u0142a nam zalecenia dotycz\u0105ce zabezpieczenia kopalni, a my je realizujemy. Jedynym k\u0142opotem s\u0105 pieni\u0105dze. Nawet komisja we wnioskach swojego raportu zasugerowa\u0142a, \u017ce powinni\u015bmy dysponowa\u0107 dwukrotnie wi\u0119kszymi \u015brodkami ni\u017c dzi\u015b, i to co najmniej przez kilka lat &#8211; twierdzi d&#8217;Obyrn.<\/p>\n<p>Wielicka kopalnia wydaje rocznie ok. 50 mln z\u0142 na konserwacj\u0119 kopalni, czyli likwidacj\u0119 nieu\u017cywanych cz\u0119\u015bci i zabezpieczanie wyciek\u00f3w.<\/p>\n<p>\u0179r\u00f3d\u0142o: Gazeta Wyborcza Krak\u00f3w<\/p>\n<p>{mos_fb_discuss:7}<\/p>\n<p>\u00a0<\/p>\n","protected":false},"excerpt":{"rendered":"<p>W jednym z szyb\u00f3w kopalni Wieliczka znacznie zwi\u0119kszy\u0142 si\u0119 wyciek wody. Zdaniem grupy naukowc\u00f3w z AGH to kolejny dow\u00f3d na fatalny stan kopalni. Okr\u0119gowy Urz\u0105d G\u00f3rniczy i w\u0142adze kopalni uspokajaj\u0105: &#8211; To prawdopodobnie wina ostatnich deszcz.<\/p>\n","protected":false},"author":1,"featured_media":0,"comment_status":"open","ping_status":"open","sticky":false,"template":"","format":"standard","meta":{"footnotes":""},"categories":[29],"tags":[],"_links":{"self":[{"href":"http:\/\/wieliczanie.pl\/index.php?rest_route=\/wp\/v2\/posts\/48"}],"collection":[{"href":"http:\/\/wieliczanie.pl\/index.php?rest_route=\/wp\/v2\/posts"}],"about":[{"href":"http:\/\/wieliczanie.pl\/index.php?rest_route=\/wp\/v2\/types\/post"}],"author":[{"embeddable":true,"href":"http:\/\/wieliczanie.pl\/index.php?rest_route=\/wp\/v2\/users\/1"}],"replies":[{"embeddable":true,"href":"http:\/\/wieliczanie.pl\/index.php?rest_route=%2Fwp%2Fv2%2Fcomments&post=48"}],"version-history":[{"count":0,"href":"http:\/\/wieliczanie.pl\/index.php?rest_route=\/wp\/v2\/posts\/48\/revisions"}],"wp:attachment":[{"href":"http:\/\/wieliczanie.pl\/index.php?rest_route=%2Fwp%2Fv2%2Fmedia&parent=48"}],"wp:term":[{"taxonomy":"category","embeddable":true,"href":"http:\/\/wieliczanie.pl\/index.php?rest_route=%2Fwp%2Fv2%2Fcategories&post=48"},{"taxonomy":"post_tag","embeddable":true,"href":"http:\/\/wieliczanie.pl\/index.php?rest_route=%2Fwp%2Fv2%2Ftags&post=48"}],"curies":[{"name":"wp","href":"https:\/\/api.w.org\/{rel}","templated":true}]}}