{"id":64,"date":"2010-06-05T21:35:40","date_gmt":"2010-06-05T21:35:40","guid":{"rendered":"http:\/\/etna.prof24.pl\/?p=64"},"modified":"2010-06-05T21:35:40","modified_gmt":"2010-06-05T21:35:40","slug":"fontanna-na-rynku-uruchomiona","status":"publish","type":"post","link":"http:\/\/wieliczanie.pl\/?p=64","title":{"rendered":"Fontanna na Rynku uruchomiona"},"content":{"rendered":"<div>\n<p>[wieliczka.eu]<br \/>Fontanna na Rynku uruchomiona<\/p>\n<p>Wieczorem, 1 czerwca, w obecno\u015bci projektant\u00f3w, wiod\u0105cego inspektora nadzoru,\u00a0 inspektora nadzoru elektrycznego, inspektora ds zieleni, kierownika rob\u00f3t, przedstawicieli wykonawcy, kierownika i inspektora\u00a0 z\u00a0 Wydzia\u0142u Gospodarki Komunalnej a tak\u017ce burmistrza Miasta i Gminy Wieliczka Artura Kozio\u0142a, przeprowadzony zosta\u0142 pierwszy test instalacji fontannowej zlokalizowanej na Rynku G\u00f3rnym, przy schodach do Pa\u0142acu Przychockich.<\/p>\n<p>  <!--more-->  <\/p>\n<p>\u00a0<\/p>\n<p>Nowa\u00a0 fontanna dynamicznie mieni si\u0119 kilkoma kolorami,\u00a0 wyczarowuj\u0105c\u00a0 kolorowe \u0142uki wodne. Dzi\u0119ki\u00a0 tej iluminacji bardzo dobrze wkomponowuje si\u0119 w otoczenie, wprowadzaj\u0105c na\u00a0 now\u0105 p\u0142yt\u0119 rynku &#8211; zw\u0142aszcza wieczorem &#8211;\u00a0 magiczny\u00a0 klimat. Aby\u00a0 wzmocni\u0107 te gr\u0119 wody i \u015bwiat\u0142a strumienie fontanny zostan\u0105 jeszcze zwi\u0119kszone.\u00a0 W \u015awi\u0119to Bo\u017cego Cia\u0142a, podczas Mszy \u015bwi\u0119tej odbywaj\u0105cej si\u0119 oko\u0142o godziny 11 na p\u0142ycie Rynku, zostanie uroczy\u015bcie wmurowany Kamie\u0144 Jubileuszowy odrestaurowanego rynku, kt\u00f3ry zosta\u0142 po\u015bwi\u0119cony przez Kardyna\u0142a Stanis\u0142awa Dziwisza podczas otwarcia Krypty Kaplicy Morsztyn\u00f3w. Serdecznie zapraszamy!<\/p>\n<\/p><\/div>\n<p><span class=\"lbbody\"><a href=\"http:\/\/img.iap.pl\/s\/80\/205576\/Edytor\/Image\/fontanna\/_DSC0070.jpg\"><img decoding=\"async\" loading=\"lazy\" src=\"http:\/\/img.iap.pl\/s\/80\/205576\/Edytor\/Image\/fontanna\/_DSC0070.jpg\" border=\"0\" hspace=\"5\" vspace=\"10\" width=\"250\" height=\"166\" \/><\/a><\/span><span class=\"lbbody\"><a href=\"http:\/\/img.iap.pl\/s\/80\/205576\/Edytor\/Image\/fontanna\/_DSC0077.jpg\"><img decoding=\"async\" loading=\"lazy\" src=\"http:\/\/img.iap.pl\/s\/80\/205576\/Edytor\/Image\/fontanna\/_DSC0077.jpg\" border=\"0\" hspace=\"5\" vspace=\"10\" width=\"250\" height=\"166\" \/><\/a><\/span><\/p>\n<p><span class=\"lbbody\"><a href=\"http:\/\/img.iap.pl\/s\/80\/205576\/Edytor\/Image\/fontanna\/_DSC0082.jpg\"><img decoding=\"async\" src=\"http:\/\/img.iap.pl\/s\/80\/205576\/Edytor\/Image\/fontanna\/_DSC0082.jpg\" border=\"0\" hspace=\"5\" vspace=\"10\" width=\"250\" \/><\/a><\/span><span class=\"lbbody\"><a href=\"http:\/\/img.iap.pl\/s\/80\/205576\/Edytor\/Image\/fontanna\/_DSC0074.jpg\"><img decoding=\"async\" loading=\"lazy\" src=\"http:\/\/img.iap.pl\/s\/80\/205576\/Edytor\/Image\/fontanna\/_DSC0074.jpg\" border=\"0\" hspace=\"5\" vspace=\"10\" width=\"250\" height=\"166\" \/><\/a><\/span><\/p>\n<p><span class=\"lbbody\"><a href=\"http:\/\/img.iap.pl\/s\/80\/205576\/Edytor\/Image\/fontanna\/_DSC0078.jpg\"><img decoding=\"async\" src=\"http:\/\/img.iap.pl\/s\/80\/205576\/Edytor\/Image\/fontanna\/_DSC0078.jpg\" border=\"0\" hspace=\"5\" vspace=\"10\" width=\"250\" \/><\/a><\/span><span class=\"lbbody\"><a href=\"http:\/\/img.iap.pl\/s\/80\/205576\/Edytor\/Image\/fontanna\/_DSC0069.jpg\"><img decoding=\"async\" loading=\"lazy\" src=\"http:\/\/img.iap.pl\/s\/80\/205576\/Edytor\/Image\/fontanna\/_DSC0069.jpg\" border=\"0\" hspace=\"5\" vspace=\"10\" width=\"250\" height=\"166\" \/><\/a><\/span><\/p>\n<p><span class=\"lbbody\"><a href=\"http:\/\/img.iap.pl\/s\/80\/205576\/Edytor\/Image\/fontanna\/_DSC0072.jpg\"><img decoding=\"async\" loading=\"lazy\" src=\"http:\/\/img.iap.pl\/s\/80\/205576\/Edytor\/Image\/fontanna\/_DSC0072.jpg\" border=\"0\" hspace=\"5\" vspace=\"10\" width=\"250\" height=\"166\" \/><\/a><\/span><span class=\"lbbody\"><a href=\"http:\/\/img.iap.pl\/s\/80\/205576\/Edytor\/Image\/fontanna\/_DSC0073.jpg\"><img decoding=\"async\" loading=\"lazy\" src=\"http:\/\/img.iap.pl\/s\/80\/205576\/Edytor\/Image\/fontanna\/_DSC0073.jpg\" border=\"0\" hspace=\"5\" vspace=\"10\" width=\"250\" height=\"166\" \/><\/a><\/span><\/p>\n<p><span class=\"lbbody\"><a href=\"http:\/\/img.iap.pl\/s\/80\/205576\/Edytor\/Image\/fontanna\/fontanna.jpg\"><img decoding=\"async\" loading=\"lazy\" src=\"http:\/\/img.iap.pl\/s\/80\/205576\/Edytor\/Image\/fontanna\/fontanna.jpg\" border=\"0\" hspace=\"5\" vspace=\"10\" width=\"250\" height=\"182\" \/><\/a><\/span><span class=\"lbbody\"><a href=\"http:\/\/img.iap.pl\/s\/80\/205576\/Edytor\/Image\/fontanna\/_DSC0085.jpg\"><img decoding=\"async\" src=\"http:\/\/img.iap.pl\/s\/80\/205576\/Edytor\/Image\/fontanna\/_DSC0085.jpg\" border=\"0\" hspace=\"5\" vspace=\"10\" width=\"250\" \/><\/a><\/span><\/p>\n<p><span class=\"lbbody\">tekst i fotografie: wieliczka.eu<br \/><\/span><\/p>\n","protected":false},"excerpt":{"rendered":"<p>[wieliczka.eu]Fontanna na Rynku uruchomiona Wieczorem, 1 czerwca, w obecno\u015bci projektant\u00f3w, wiod\u0105cego inspektora nadzoru,\u00a0 inspektora nadzoru elektrycznego, inspektora ds zieleni, kierownika rob\u00f3t, przedstawicieli wykonawcy, kierownika i inspektora\u00a0 z\u00a0 Wydzia\u0142u Gospodarki Komunalnej a tak\u017ce burmistrza Miasta i Gminy Wieliczka Artura Kozio\u0142a, przeprowadzony zosta\u0142 pierwszy test instalacji fontannowej zlokalizowanej na Rynku G\u00f3rnym, przy schodach do Pa\u0142acu Przychockich.<\/p>\n","protected":false},"author":1,"featured_media":0,"comment_status":"open","ping_status":"open","sticky":false,"template":"","format":"standard","meta":{"footnotes":""},"categories":[29],"tags":[],"_links":{"self":[{"href":"http:\/\/wieliczanie.pl\/index.php?rest_route=\/wp\/v2\/posts\/64"}],"collection":[{"href":"http:\/\/wieliczanie.pl\/index.php?rest_route=\/wp\/v2\/posts"}],"about":[{"href":"http:\/\/wieliczanie.pl\/index.php?rest_route=\/wp\/v2\/types\/post"}],"author":[{"embeddable":true,"href":"http:\/\/wieliczanie.pl\/index.php?rest_route=\/wp\/v2\/users\/1"}],"replies":[{"embeddable":true,"href":"http:\/\/wieliczanie.pl\/index.php?rest_route=%2Fwp%2Fv2%2Fcomments&post=64"}],"version-history":[{"count":0,"href":"http:\/\/wieliczanie.pl\/index.php?rest_route=\/wp\/v2\/posts\/64\/revisions"}],"wp:attachment":[{"href":"http:\/\/wieliczanie.pl\/index.php?rest_route=%2Fwp%2Fv2%2Fmedia&parent=64"}],"wp:term":[{"taxonomy":"category","embeddable":true,"href":"http:\/\/wieliczanie.pl\/index.php?rest_route=%2Fwp%2Fv2%2Fcategories&post=64"},{"taxonomy":"post_tag","embeddable":true,"href":"http:\/\/wieliczanie.pl\/index.php?rest_route=%2Fwp%2Fv2%2Ftags&post=64"}],"curies":[{"name":"wp","href":"https:\/\/api.w.org\/{rel}","templated":true}]}}