{"id":65,"date":"2010-06-05T21:39:49","date_gmt":"2010-06-05T21:39:49","guid":{"rendered":"http:\/\/etna.prof24.pl\/?p=65"},"modified":"2010-06-05T21:39:49","modified_gmt":"2010-06-05T21:39:49","slug":"koniec-remontu-runku-gornego","status":"publish","type":"post","link":"http:\/\/wieliczanie.pl\/?p=65","title":{"rendered":"Koniec remontu Runku G\u00f3rnego"},"content":{"rendered":"<div>\n<p><sub>[wieliczka.eu]<\/sub><br \/>Koniec remontu Runku G\u00f3rnego<\/p>\n<p>W dniu dzisiejszym, przed po\u0142udniem, tradycyjnie ju\u017c\u00a0 ulicami Wieliczki przesz\u0142a procesja Bo\u017cego Cia\u0142a. Procesja wyruszy\u0142a spod ko\u015bcio\u0142a \u015aw. Franciszka z Asy\u017cu i oko\u0142o godziny 11 dotar\u0142a na wielicki rynek do ostatniego czwartego o\u0142tarza. Msz\u0119 \u015bwi\u0119t\u0105 na wielickim rynku odprawili ksi\u0119\u017ca z wielickich parafii pod przewodnictwem ksi\u0119dza Pra\u0142ata Zbigniewa Gerle. Na zako\u0144czenie Mszy \u015bw. nast\u0105pi\u0142o uroczyste wmurowanie Kamienia Jubileuszowego odrestaurowanego rynku wielickiego, kt\u00f3ry zosta\u0142 po\u015bwi\u0119cony 13 maja przez Ksi\u0119dza Arcybiskupa Metropolit\u0119 Krakowskiego Stanis\u0142awa Kardyna\u0142a Dziwisza.<\/p>\n<p>  <!--more-->  <\/p>\n<p>\u00a0<\/p>\n<\/p><\/div>\n<p><span style=\"font-family: Times New Roman;\"><span style=\"font-size: medium;\"><span class=\"lbbody\"><a href=\"http:\/\/img.iap.pl\/s\/80\/205253\/Edytor\/Image\/aktualnosci\/20100603\/DSC05323.JPG\"><img decoding=\"async\" loading=\"lazy\" src=\"http:\/\/img.iap.pl\/s\/80\/205253\/Edytor\/Image\/aktualnosci\/20100603\/DSC05323.JPG\" border=\"0\" hspace=\"5\" vspace=\"10\" width=\"300\" height=\"200\" align=\"left\" \/><\/a><\/span>Na zako\u0144czenie Mszy \u015bwi\u0119tej ksi\u0105dz Pra\u0142at Zbigniew Gerle podkre\u015bli\u0142, i\u017c w dniu dzisiejszym w\u0142adze Wieliczki przekazuj\u0105 mieszka\u0144com odrestaurowany rynek, za kt\u00f3rego renowacj\u0119 podzi\u0119kowa\u0142 burmistrzowi Arturowi Kozio\u0142owi oraz Przewodnicz\u0105cemu Rady Miejskiej Zbigniewowi Zar\u0119bskiemu. Na r\u0119ce o. Remigiusza, gwardiana zakonu\u00a0 franciszka\u0144skiego, ksi\u0105dz Pra\u0142at z\u0142o\u017cy\u0142 <span class=\"lbbody\"><a href=\"http:\/\/img.iap.pl\/s\/80\/205253\/Edytor\/Image\/aktualnosci\/20100603\/DSC05416.JPG\"><img decoding=\"async\" loading=\"lazy\" src=\"http:\/\/img.iap.pl\/s\/80\/205253\/Edytor\/Image\/aktualnosci\/20100603\/DSC05416.JPG\" border=\"0\" hspace=\"5\" vspace=\"10\" width=\"150\" height=\"225\" align=\"right\" \/><\/a><\/span>podzi\u0119kowania wszystkim ksi\u0119\u017com i ojcom zakonnym za uczestnictwo w tej uroczysto\u015bci. S\u0142owa podzi\u0119kowa\u0144 skierowa\u0142 tak\u017ce do s\u0142u\u017cby liturgicznej, poczt\u00f3w sztandarowych, Towarzystwa \u015apiewaczego Lutnia, kt\u00f3re swoim \u015bpiewem u\u015bwietni\u0142o uroczysto\u015b\u0107 oraz\u00a0 do obecnej Orkiesty D\u0119tej Kopalni Soli &#8222;Wieliczka&#8221;, a tak\u017ce dyrektora Centrum Kultury i Turystyki\u00a0 w Wieliczce za pomoc w organizacji uroczysto\u015bci. Podzi\u0119kowa\u0142 r\u00f3wnie\u017c tym, kt\u00f3rzy budowali o\u0142tarze: Bractwu Trzeciego Zakonu, g\u00f3rnikom, m\u0142odzie\u017cy oraz Powiatowemu Cechowi Rzemie\u015blnik\u00f3w\u00a0 i Przedsi\u0119biorc\u00f3w. Licznie zgromadzonym mieszka\u0144com \u017cyczy\u0142 radosnych wakacji \u2013 mimo wielu tragedii, kt\u00f3re ostatnio <span class=\"lbbody\"><a href=\"http:\/\/img.iap.pl\/s\/80\/205253\/Edytor\/Image\/aktualnosci\/20100603\/DSC05466.JPG\"><img decoding=\"async\" loading=\"lazy\" src=\"http:\/\/img.iap.pl\/s\/80\/205253\/Edytor\/Image\/aktualnosci\/20100603\/DSC05466.JPG\" border=\"0\" hspace=\"5\" vspace=\"10\" width=\"300\" height=\"200\" align=\"left\" \/><\/a><\/span>nawiedzi\u0142y nasz kraj; dzi\u0119kowa\u0142 za pomoc i \u0142\u0105czno\u015b\u0107 z tymi, kt\u00f3rych dotkn\u0105\u0142 dramat powodzi czy zagro\u017ce\u0144 osuwiskowych. Natomiast w swoim wyst\u0105pieniu\u00a0 Burmistrz Wieliczki powiedzia\u0142 m.in: \u201eDzi\u015b nasze miasto jest diamentem solnym, podziwianym i rozpoznawalnym na ca\u0142ym \u015bwieice. Podziemn\u0105 kopalni\u0119 \u2013 nasz skarb tworzony i zmieniany prze wieki\u00a0 poprzez cie\u017ck\u0105 prac\u0119 naszych mieszka\u0144c\u00f3w \u2013 g\u00f3rnik\u00f3w odwiedza obecnie miliony turyst\u00f3w (..) zmieniamy\u00a0 r\u00f3wnie\u017c wygl\u0105d solnego miasta Wieliczka odnawiaj\u0105c zabytki, ci\u0105gi komunikacyjne, buduj\u0105c nowe obiekty. Odrestaurowujemy rynek i rozpoczynamy prace rewitalizacyjne w centrum miasta. Wiele tych prac rodzi utrudnienia dla mieszka\u0144c\u00f3w ale w efekcie przyczyni si\u0119 do poprawy jako\u015bci naszego \u017cycia.\u00a0 (&#8230;) W tym momencie, wmurowania kamienia jubileuszowego (&#8230;) jeste\u015bmy uczestnikami i \u015bwiadkami historycznego wydarzenia, kt\u00f3re zostanie zapisane w historii naszego miasta\u201d. Tre\u015b\u0107 aktu erekcyjnego odczyta\u0142 zast\u0119pca burmistrza Wieliczki Henryk Gawor. Wmurowania kamienia obok burmistrza Wieliczki, Przewodnicz\u0105cego Rady Miejskiej Zbigniewa Zar\u0119bskiego, starosty wielickiego Jacka Juszkiewicza\u00a0 i ksi\u0119\u017cy dokonali tak\u017ce mieszka\u0144cy Wieliczki, zar\u00f3wno ci najm\u0142odsi jak i ci starsi.<\/span><\/span><\/p>\n<p><span style=\"font-family: Times New Roman;\"><span style=\"font-size: medium;\">wi\u0119cej:<\/span><\/span><\/p>\n<p><span style=\"font-family: Times New Roman;\"><span style=\"font-size: medium;\"><a href=\"http:\/\/www.wieliczka.eu\/pl\/1951\/28227\/Historyczne_wydarzenie_w_Wieliczce.html\">http:\/\/www.wieliczka.eu\/pl\/1951\/28227\/Historyczne_wydarzenie_w_Wieliczce.html<\/a><br \/><\/span><\/span><\/p>\n","protected":false},"excerpt":{"rendered":"<p>[wieliczka.eu]Koniec remontu Runku G\u00f3rnego W dniu dzisiejszym, przed po\u0142udniem, tradycyjnie ju\u017c\u00a0 ulicami Wieliczki przesz\u0142a procesja Bo\u017cego Cia\u0142a. Procesja wyruszy\u0142a spod ko\u015bcio\u0142a \u015aw. Franciszka z Asy\u017cu i oko\u0142o godziny 11 dotar\u0142a na wielicki rynek do ostatniego czwartego o\u0142tarza. Msz\u0119 \u015bwi\u0119t\u0105 na wielickim rynku odprawili ksi\u0119\u017ca z wielickich parafii pod przewodnictwem ksi\u0119dza Pra\u0142ata Zbigniewa Gerle. Na zako\u0144czenie &#8230; <a title=\"Koniec remontu Runku G\u00f3rnego\" class=\"read-more\" href=\"http:\/\/wieliczanie.pl\/?p=65\" aria-label=\"Wi\u0119cej na Koniec remontu Runku G\u00f3rnego\">Dowiedz si\u0119 wi\u0119cej<\/a><\/p>\n","protected":false},"author":1,"featured_media":0,"comment_status":"open","ping_status":"open","sticky":false,"template":"","format":"standard","meta":{"footnotes":""},"categories":[29],"tags":[],"_links":{"self":[{"href":"http:\/\/wieliczanie.pl\/index.php?rest_route=\/wp\/v2\/posts\/65"}],"collection":[{"href":"http:\/\/wieliczanie.pl\/index.php?rest_route=\/wp\/v2\/posts"}],"about":[{"href":"http:\/\/wieliczanie.pl\/index.php?rest_route=\/wp\/v2\/types\/post"}],"author":[{"embeddable":true,"href":"http:\/\/wieliczanie.pl\/index.php?rest_route=\/wp\/v2\/users\/1"}],"replies":[{"embeddable":true,"href":"http:\/\/wieliczanie.pl\/index.php?rest_route=%2Fwp%2Fv2%2Fcomments&post=65"}],"version-history":[{"count":0,"href":"http:\/\/wieliczanie.pl\/index.php?rest_route=\/wp\/v2\/posts\/65\/revisions"}],"wp:attachment":[{"href":"http:\/\/wieliczanie.pl\/index.php?rest_route=%2Fwp%2Fv2%2Fmedia&parent=65"}],"wp:term":[{"taxonomy":"category","embeddable":true,"href":"http:\/\/wieliczanie.pl\/index.php?rest_route=%2Fwp%2Fv2%2Fcategories&post=65"},{"taxonomy":"post_tag","embeddable":true,"href":"http:\/\/wieliczanie.pl\/index.php?rest_route=%2Fwp%2Fv2%2Ftags&post=65"}],"curies":[{"name":"wp","href":"https:\/\/api.w.org\/{rel}","templated":true}]}}