{"id":66,"date":"2010-06-05T21:42:17","date_gmt":"2010-06-05T21:42:17","guid":{"rendered":"http:\/\/etna.prof24.pl\/?p=66"},"modified":"2010-06-05T21:42:17","modified_gmt":"2010-06-05T21:42:17","slug":"dziwna-sprawa-trzech-mostow","status":"publish","type":"post","link":"http:\/\/wieliczanie.pl\/?p=66","title":{"rendered":"Dziwna sprawa Trzech Most\u00f3w"},"content":{"rendered":"<p><sub>[Dziennik Polski]<\/sub><\/p>\n<p>KONTROWERSJE. Prokuratura w Wieliczce sprawdza, czy wa\u0142 Pod\u0142\u0119\u017canki przerwa\u0142a woda, czy ludzie<\/p>\n<div id=\"showContent\" class=\"articleContent\">\n<p>Na to, \u017ce wyrwa w wale rzeki Pod\u0142\u0119\u017canka w Pod\u0142\u0119\u017cu, w rejonie zwanym Trzema Mostami jest &#8222;dziwna&#8221;, pierwsi zwr\u00f3cili uwag\u0119 mieszka\u0144cy Grabia.  <!--more-->  <\/p>\n<p>&#8211; Jeszcze w poniedzia\u0142ek 17 maja byli\u015bmy na wale sprawdza\u0107, jaki jest poziom wody w Pod\u0142\u0119\u017cance: by\u0142 wysoki, ale w normie. Jednak w nocy woda zala\u0142a nam domy&#8230; Ogl\u0105dali\u015bmy wyrw\u0119 w wale bardzo dok\u0142adnie. Wygl\u0105da ona tak, jakby zrobiono j\u0105 jakim\u015b ci\u0119\u017ckim sprz\u0119tem. \u015awiadczy o tym cho\u0107by to, \u017ce korzenie krzew\u00f3w i drzew s\u0105 r\u00f3wno obci\u0119te, a \u017cywio\u0142 nie jest przecie\u017c taki precyzyjny&#8230; Dziwne jest tak\u017ce to, \u017ce wyrwa powsta\u0142a jakby wstecz nurtu rzeki &#8211; opowiadaj\u0105 mieszka\u0144cy podwielickiej miejscowo\u015bci, gdzie woda zala\u0142a kilkadziesi\u0105t dom\u00f3w oraz drogi i pola. \u0141\u0105cznie w Grabiu oraz s\u0105siednich Brzegach Pod\u0142\u0119\u017canka podtopi\u0142a 28 posesji oraz 40 hektar\u00f3w terenu.<\/p>\n<p>***<\/p>\n<p>&#8211; Gdyby woda po prostu przela\u0142a si\u0119 przez wa\u0142 &#8211; sytuacja by\u0142aby jasna, ale to, \u017ce pojawi\u0142a si\u0119 taka dziwna wyrwa jest zastanawiaj\u0105ce. Mieszka\u0144cy wsi, kt\u00f3rzy pami\u0119taj\u0105 tutejsze powodzie i z lat 50. ubieg\u0142ego wieku, i te ostatnich lat nie przypominaj\u0105 sobie, by w Grabiu zagro\u017cenie stwarza\u0142a Pod\u0142\u0119\u017canka. Zawsze by\u0142a to Wis\u0142a&#8230; &#8211; dodaj\u0105 w\u0142a\u015bciciele podtopionych dom\u00f3w.<\/p>\n<p>Ich zdaniem zastanawiaj\u0105ce s\u0105 tak\u017ce informacje, jakie w tej sprawie pojawia\u0142y si\u0119 na stronie internetowej gminy Niepo\u0142omice. 17 maja by\u0142a to wiadomo\u015b\u0107 o celowym skierowaniu w\u00f3d Pod\u0142\u0119\u017canki na poldery przy Trzech Mostach, by obni\u017cy\u0107 poziom rzeki, a dzie\u0144 p\u00f3\u017aniej zosta\u0142a ju\u017c tylko informacja o przerwaniu wa\u0142u Pod\u0142\u0119\u017canki w tym w\u0142a\u015bnie miejscu. &#8211; Z informacji uzyskanych w niepo\u0142omickim urz\u0119dzie wynika, \u017ce ta wiadomo\u015b\u0107 by\u0142a w og\u00f3le b\u0142\u0119dna, poniewa\u017c pracownik zamieszczaj\u0105cy informacje w Internecie niew\u0142a\u015bciwie poda\u0142 miejsce zdarzenia &#8211; informuj\u0105 mieszka\u0144cy Grabia.<\/p>\n<p>&#8211; Dok\u0142adnie tak by\u0142o. Woda z Pod\u0142\u0119\u017canki zosta\u0142a rzeczywi\u015bcie celowo skierowana na poldery, jednak nie przy Trzech Mostach, ale oko\u0142o cztery kilometry dalej, w rejonie boiska sportowego w Stani\u0105tkach &#8211; twierdzi burmistrz Niepo\u0142omic Roman Ptak. Dodaje: &#8211; Pracownik urz\u0119du \u017ale zinterpretowa\u0142 informacj\u0119 przekazan\u0105 ze sztabu kryzysowego, st\u0105d na stronie internetowej pojawi\u0142a si\u0119 taka, a nie inna wiadomo\u015b\u0107. Bardzo przepraszam za to wszystkich, kt\u00f3rzy zostali z tego powodu nara\u017ceni na stres.<\/p>\n<p>***<\/p>\n<p>Informacja o celowym przerwaniu wa\u0142u rzeki przy Trzech Mostach bardzo szybko rozesz\u0142a si\u0119 w\u015br\u00f3d mieszka\u0144c\u00f3w gminy Wieliczka i okolic; poda\u0142y ja te\u017c niekt\u00f3re media. W zwi\u0105zku z tym wydano o\u015bwiadczenie, w kt\u00f3rym napisano m.in. &#8222;Nieprawd\u0105 jest, jakoby wa\u0142y na rzece Pod\u0142\u0119\u017canka, pomi\u0119dzy mostami kolejowymi zosta\u0142y celowo przerwane&#8221;. Zaznaczono te\u017c, \u017ce gminy Wieliczka i Niepo\u0142omice prowadz\u0105 dzia\u0142ania przeciwpowodziowe, by &#8222;zminimalizowa\u0107 straty dla wszystkich mieszka\u0144c\u00f3w&#8221;.<\/p>\n<p>Jednak kilka dni p\u00f3\u017aniej w\u0142adze Wieliczki zdecydowa\u0142y si\u0119 zawiadomi\u0107 o tej sprawie organy \u015bcigania. &#8211; O\u015bwiadczenie burmistrz\u00f3w by\u0142o odpowiedzi\u0105 na pojawiaj\u0105ce si\u0119 informacje, i\u017c gmina Niepo\u0142omice dokona\u0142a celowego przerwania wa\u0142\u00f3w na rzece Pod\u0142\u0119\u017canka. Po ukazaniu si\u0119 tych wiadomo\u015bci i po sprostowaniu ich przez gmin\u0119 Niepo\u0142omice oraz po rozmowie, podczas kt\u00f3rej wyja\u015bniono te kwestie, burmistrz Artur Kozio\u0142 uzna\u0142 wyja\u015bnienia burmistrza Niepo\u0142omic za wystarczaj\u0105ce. To by\u0142o podstaw\u0105 do wydania wsp\u00f3lnego o\u015bwiadczenia &#8211; t\u0142umaczy Renata Gawlik, kieruj\u0105ca zespo\u0142em ds. informacji wielickiego UMiG.<\/p>\n<p>ca\u0142y tekst:<\/p>\n<p><a href=\"http:\/\/dziennik.krakow.pl\/pl\/region\/wieliczka\/1023634-dziwna-sprawa-trzech-mostow.html\">http:\/\/dziennik.krakow.pl\/pl\/region\/wieliczka\/1023634-dziwna-sprawa-trzech-mostow.html<\/a><\/p>\n<p>{mos_fb_discuss:8}<\/p>\n<\/p><\/div>\n","protected":false},"excerpt":{"rendered":"<p>[Dziennik Polski] KONTROWERSJE. Prokuratura w Wieliczce sprawdza, czy wa\u0142 Pod\u0142\u0119\u017canki przerwa\u0142a woda, czy ludzie Na to, \u017ce wyrwa w wale rzeki Pod\u0142\u0119\u017canka w Pod\u0142\u0119\u017cu, w rejonie zwanym Trzema Mostami jest &#8222;dziwna&#8221;, pierwsi zwr\u00f3cili uwag\u0119 mieszka\u0144cy Grabia.<\/p>\n","protected":false},"author":1,"featured_media":0,"comment_status":"open","ping_status":"open","sticky":false,"template":"","format":"standard","meta":{"footnotes":""},"categories":[30],"tags":[],"_links":{"self":[{"href":"http:\/\/wieliczanie.pl\/index.php?rest_route=\/wp\/v2\/posts\/66"}],"collection":[{"href":"http:\/\/wieliczanie.pl\/index.php?rest_route=\/wp\/v2\/posts"}],"about":[{"href":"http:\/\/wieliczanie.pl\/index.php?rest_route=\/wp\/v2\/types\/post"}],"author":[{"embeddable":true,"href":"http:\/\/wieliczanie.pl\/index.php?rest_route=\/wp\/v2\/users\/1"}],"replies":[{"embeddable":true,"href":"http:\/\/wieliczanie.pl\/index.php?rest_route=%2Fwp%2Fv2%2Fcomments&post=66"}],"version-history":[{"count":0,"href":"http:\/\/wieliczanie.pl\/index.php?rest_route=\/wp\/v2\/posts\/66\/revisions"}],"wp:attachment":[{"href":"http:\/\/wieliczanie.pl\/index.php?rest_route=%2Fwp%2Fv2%2Fmedia&parent=66"}],"wp:term":[{"taxonomy":"category","embeddable":true,"href":"http:\/\/wieliczanie.pl\/index.php?rest_route=%2Fwp%2Fv2%2Fcategories&post=66"},{"taxonomy":"post_tag","embeddable":true,"href":"http:\/\/wieliczanie.pl\/index.php?rest_route=%2Fwp%2Fv2%2Ftags&post=66"}],"curies":[{"name":"wp","href":"https:\/\/api.w.org\/{rel}","templated":true}]}}